{"id":1507,"date":"2025-01-16T17:20:12","date_gmt":"2025-01-16T20:20:12","guid":{"rendered":"https:\/\/phoron.com.br\/?p=1507"},"modified":"2025-01-16T17:20:17","modified_gmt":"2025-01-16T20:20:17","slug":"planeje-sua-migracao-do-grc-nf-e","status":"publish","type":"post","link":"https:\/\/phoron.com.br\/en\/news\/planeje-sua-migracao-do-grc-nf-e\/","title":{"rendered":"Migra\u00e7\u00e3o do GRC NF-e: planeje sua transi\u00e7\u00e3o com SAP DRC"},"content":{"rendered":"<p><em>Recentemente, a SAP anunciou que o SAP GRC NF-e (SAP Electronic Invoicing for Brazil) ser\u00e1 descontinuado, por isso, trazemos para voc\u00ea esse comunicado informando sobre a nova solu\u00e7\u00e3o que ir\u00e1 substitu\u00ed-lo o SAP Document and Reporting Compliance (SAP DRC) e quais as vantagens de programar a sua migra\u00e7\u00e3o.<\/em><br><\/p>\n\n\n\n<p>\u00c9 oficial, a SAP anunciou que o SAP GRC NF-e (SAP Electronic Invoicing for Brazil) ser\u00e1 descontinuado em 31 de dezembro de 2025, solu\u00e7\u00e3o standard SAP respons\u00e1vel pela emiss\u00e3o e recebimento de notas fiscais eletr\u00f4nicas no Brasil.&nbsp;<\/p>\n\n\n\n<p>N\u00e3o se preocupe, pois a SAP j\u00e1 possui uma solu\u00e7\u00e3o bem consolidada como substituta, o SAP Document and Reporting Compliance (SAP DRC). Mais robusta e tecnol\u00f3gica, foi projetada para atender \u00e0s obriga\u00e7\u00f5es fiscais brasileiras tanto no SAP ECC quanto SAP S\/4HANA. Al\u00e9m disso, por se tratar de um produto localizado em diversos pa\u00edses e n\u00e3o s\u00f3 no Brasil, sua empresa poder\u00e1 padronizar os processos de suas unidades onde quer que elas estejam.&nbsp;<\/p>\n\n\n\n<p>A Phoron do Brasil veio por meio deste comunicar a import\u00e2ncia de planejar a sua migra\u00e7\u00e3o, pois al\u00e9m da preocupa\u00e7\u00e3o de n\u00e3o interferir no dia a dia dos processos fiscais da sua empresa, voc\u00ea pode come\u00e7ar agora a tirar proveito de todos os benef\u00edcios habilitados com a nova solu\u00e7\u00e3o SAP DRC.<\/p>\n\n\n\n<h2 class=\"wp-block-heading\">Por que migrar?<\/h2>\n\n\n\n<p>Quando o SAP GRC NF-e for descontinuado voc\u00ea n\u00e3o receber\u00e1 mais atualiza\u00e7\u00f5es e assist\u00eancia da SAP devido \u00e0 substitui\u00e7\u00e3o pela nova solu\u00e7\u00e3o da empresa, o SAP DRC, e isto pode ocasionar problemas futuros, pois n\u00e3o receber\u00e1 mais atualiza\u00e7\u00f5es legais da solu\u00e7\u00e3o (lembre-se que o governo brasileiro libera todo ano mudan\u00e7as atrav\u00e9s das notas t\u00e9cnicas).<\/p>\n\n\n\n<p>Com a migra\u00e7\u00e3o para a nova solu\u00e7\u00e3o standard SAP DRC (Document and Reporting Compliance), voc\u00ea simplificar\u00e1 sua infraestrutura, facilitar\u00e1 a comunica\u00e7\u00e3o entre empresa e o Governo, ter\u00e1 maior compliance com seus dados e um processo automatizado com maior cobertura de tipos de documentos fiscais.<\/p>\n\n\n\n<h2 class=\"wp-block-heading\">Diferen\u00e7as entre GRC NF-e X DRC.&nbsp;<\/h2>\n\n\n\n<ul class=\"wp-block-list\">\n<li>SAP DRC \u00e9 uma Solu\u00e7\u00e3o global, robusta que padroniza os processos entre todas as suas unidades no mundo, enquanto o SAP GRC NF-e \u00e9 local para o Brasil.<\/li>\n\n\n\n<li>Ao inv\u00e9s de acessar diversas telas como era no SAP GRC NF-e, voc\u00ea ter\u00e1 uma experi\u00eancia \u00fanica no SAP DRC com um cockpit que centraliza os diferentes tipos de documentos fiscais (NF-e, NFS-e, CT-e, MDF-e e NF3-e).<\/li>\n\n\n\n<li>Na nova solu\u00e7\u00e3o o armazenamento de dados \u00e9 em nuvem da SAP, descartando a necessidade de um espa\u00e7o f\u00edsico para armazenar os seus arquivos, reduzindo custos e tendo alta escalabilidade, melhorando muito a infraestrutura que era necess\u00e1ria no SAP GRC NF-e.<\/li>\n\n\n\n<li>Por ser uma solu\u00e7\u00e3o de nuvem no SAP DRC, todas as opera\u00e7\u00f5es e manuten\u00e7\u00e3o do software ficam sob responsabilidade da SAP, at\u00e9 mesmo a comunica\u00e7\u00e3o com o SEFAZ.\u00a0<\/li>\n<\/ul>\n\n\n\n<h3 class=\"wp-block-heading\">Benef\u00edcios do DRC&nbsp;<\/h3>\n\n\n\n<ul class=\"wp-block-list\">\n<li>Solu\u00e7\u00e3o SAP standard, formato SaaS.<\/li>\n\n\n\n<li>Processamento e armazenamento em nuvem.<\/li>\n\n\n\n<li>SLA de disponibilidade de 99,7% no ambiente produtivo, com manuten\u00e7\u00e3o sob responsabilidade da SAP.<\/li>\n\n\n\n<li>Os cockpits e todas as atividades operacionais s\u00e3o executadas diretamente no SAP ECC ou no SAP S\/4HANA.<\/li>\n\n\n\n<li>Automa\u00e7\u00e3o das etapas do processo de recebimento de notas (Inbound).<\/li>\n\n\n\n<li>Novas funcionalidades.<\/li>\n\n\n\n<li>F\u00e1cil e simples de migrar do SAP ECC para o SAP S\/4HANA.<\/li>\n\n\n\n<li>Sem integra\u00e7\u00f5es de terceiros e sem necessidade de comunica\u00e7\u00e3o via PI\/PO.<\/li>\n\n\n\n<li>Processos autom\u00e1ticos, incluindo o recebimento de notas fiscais com valida\u00e7\u00e3o de valores e escritura\u00e7\u00e3o fiscal.<\/li>\n\n\n\n<li>Melhor experi\u00eancia para o usu\u00e1rio final.<\/li>\n<\/ul>\n\n\n\n<h2 class=\"wp-block-heading\">Conte com a Phoron do Brasil, planeje sua migra\u00e7\u00e3o agora.<\/h2>\n\n\n\n<p>Se voc\u00ea est\u00e1 buscando otimizar e inovar os processos, aumentar a efici\u00eancia e produtividade, a Phoron do Brasil \u00e9 a escolha certa!<\/p>\n\n\n\n<p>J\u00e1 s\u00e3o quase 14 anos atuando no pa\u00eds e proporcionando um ambiente mais sustent\u00e1vel e inovador para as empresas. Somos certificados como uma empresa GPTW, com mais de 40 projetos Rollouts, 1000 projetos bem-sucedidos, 250 clientes globais, e pioneira na certifica\u00e7\u00e3o da solu\u00e7\u00e3o fiscal para o SAP S\/4HANA.&nbsp;<\/p>\n\n\n\n<p>Fale com nossa equipe de especialistas e agende agora a sua migra\u00e7\u00e3o! <a href=\"https:\/\/web.archive.org\/web\/20240417144911\/https:\/\/www.phoron.com.br\/kontakt#no-back\"><strong>Clique aqui<\/strong><\/a><\/p>","protected":false},"excerpt":{"rendered":"<p>Recentemente, a SAP anunciou que o SAP GRC NF-e (SAP Electronic Invoicing for Brazil) ser\u00e1 descontinuado, por isso, trazemos para voc\u00ea esse comunicado informando sobre a nova solu\u00e7\u00e3o que ir\u00e1 substitu\u00ed-lo o SAP Document and Reporting Compliance (SAP DRC) e quais as vantagens de programar a sua migra\u00e7\u00e3o. \u00c9 oficial, a SAP anunciou que o [&hellip;]<\/p>\n","protected":false},"author":1,"featured_media":1508,"comment_status":"open","ping_status":"open","sticky":false,"template":"","format":"standard","meta":{"footnotes":""},"categories":[1],"tags":[],"class_list":["post-1507","post","type-post","status-publish","format-standard","has-post-thumbnail","hentry","category-news"],"yoast_head":"<!-- This site is optimized with the Yoast SEO plugin v27.4 - https:\/\/yoast.com\/product\/yoast-seo-wordpress\/ -->\n<title>Como planejar a migra\u00e7\u00e3o do GRC NF-e para o SAP DRC<\/title>\n<meta name=\"description\" content=\"Saiba como planejar a migra\u00e7\u00e3o do GRC NF-e para o SAP DRC, garantindo uma transi\u00e7\u00e3o eficiente, redu\u00e7\u00e3o de riscos e maior agilidade na gest\u00e3o fiscal da sua empresa.\" \/>\n<meta name=\"robots\" content=\"index, follow, max-snippet:-1, max-image-preview:large, max-video-preview:-1\" \/>\n<link rel=\"canonical\" href=\"https:\/\/phoron.com.br\/en\/news\/planeje-sua-migracao-do-grc-nf-e\/\" \/>\n<meta property=\"og:locale\" content=\"en_US\" \/>\n<meta property=\"og:type\" content=\"article\" \/>\n<meta property=\"og:title\" content=\"Como planejar a migra\u00e7\u00e3o do GRC NF-e para o SAP DRC\" \/>\n<meta property=\"og:description\" content=\"Saiba como planejar a migra\u00e7\u00e3o do GRC NF-e para o SAP DRC, garantindo uma transi\u00e7\u00e3o eficiente, redu\u00e7\u00e3o de riscos e maior agilidade na gest\u00e3o fiscal da sua empresa.\" \/>\n<meta property=\"og:url\" content=\"https:\/\/phoron.com.br\/en\/news\/planeje-sua-migracao-do-grc-nf-e\/\" \/>\n<meta property=\"og:site_name\" content=\"Phoron\" \/>\n<meta property=\"article:published_time\" content=\"2025-01-16T20:20:12+00:00\" \/>\n<meta property=\"article:modified_time\" content=\"2025-01-16T20:20:17+00:00\" \/>\n<meta property=\"og:image\" content=\"https:\/\/phoron.com.br\/wp-content\/uploads\/2025\/01\/migracao-do-GRC-NF-e.png\" \/>\n\t<meta property=\"og:image:width\" content=\"1200\" \/>\n\t<meta property=\"og:image:height\" content=\"630\" \/>\n\t<meta property=\"og:image:type\" content=\"image\/png\" \/>\n<meta name=\"author\" content=\"admin\" \/>\n<meta name=\"twitter:card\" content=\"summary_large_image\" \/>\n<meta name=\"twitter:label1\" content=\"Written by\" \/>\n\t<meta name=\"twitter:data1\" content=\"admin\" \/>\n\t<meta name=\"twitter:label2\" content=\"Est. reading time\" \/>\n\t<meta name=\"twitter:data2\" content=\"4 minutes\" \/>\n<script type=\"application\/ld+json\" class=\"yoast-schema-graph\">{\"@context\":\"https:\\\/\\\/schema.org\",\"@graph\":[{\"@type\":\"Article\",\"@id\":\"https:\\\/\\\/phoron.com.br\\\/news\\\/planeje-sua-migracao-do-grc-nf-e\\\/#article\",\"isPartOf\":{\"@id\":\"https:\\\/\\\/phoron.com.br\\\/news\\\/planeje-sua-migracao-do-grc-nf-e\\\/\"},\"author\":{\"name\":\"admin\",\"@id\":\"https:\\\/\\\/phoron.com.br\\\/#\\\/schema\\\/person\\\/9e68cf531c821ef3e8536ba2a51982d4\"},\"headline\":\"Migra\u00e7\u00e3o do GRC NF-e: planeje sua transi\u00e7\u00e3o com SAP DRC\",\"datePublished\":\"2025-01-16T20:20:12+00:00\",\"dateModified\":\"2025-01-16T20:20:17+00:00\",\"mainEntityOfPage\":{\"@id\":\"https:\\\/\\\/phoron.com.br\\\/news\\\/planeje-sua-migracao-do-grc-nf-e\\\/\"},\"wordCount\":722,\"commentCount\":0,\"publisher\":{\"@id\":\"https:\\\/\\\/phoron.com.br\\\/#organization\"},\"image\":{\"@id\":\"https:\\\/\\\/phoron.com.br\\\/news\\\/planeje-sua-migracao-do-grc-nf-e\\\/#primaryimage\"},\"thumbnailUrl\":\"https:\\\/\\\/phoron.com.br\\\/wp-content\\\/uploads\\\/2025\\\/01\\\/migracao-do-GRC-NF-e.png\",\"articleSection\":[\"Sem categoria\"],\"inLanguage\":\"en-US\",\"potentialAction\":[{\"@type\":\"CommentAction\",\"name\":\"Comment\",\"target\":[\"https:\\\/\\\/phoron.com.br\\\/news\\\/planeje-sua-migracao-do-grc-nf-e\\\/#respond\"]}]},{\"@type\":\"WebPage\",\"@id\":\"https:\\\/\\\/phoron.com.br\\\/news\\\/planeje-sua-migracao-do-grc-nf-e\\\/\",\"url\":\"https:\\\/\\\/phoron.com.br\\\/news\\\/planeje-sua-migracao-do-grc-nf-e\\\/\",\"name\":\"Como planejar a migra\u00e7\u00e3o do GRC NF-e para o SAP DRC\",\"isPartOf\":{\"@id\":\"https:\\\/\\\/phoron.com.br\\\/#website\"},\"primaryImageOfPage\":{\"@id\":\"https:\\\/\\\/phoron.com.br\\\/news\\\/planeje-sua-migracao-do-grc-nf-e\\\/#primaryimage\"},\"image\":{\"@id\":\"https:\\\/\\\/phoron.com.br\\\/news\\\/planeje-sua-migracao-do-grc-nf-e\\\/#primaryimage\"},\"thumbnailUrl\":\"https:\\\/\\\/phoron.com.br\\\/wp-content\\\/uploads\\\/2025\\\/01\\\/migracao-do-GRC-NF-e.png\",\"datePublished\":\"2025-01-16T20:20:12+00:00\",\"dateModified\":\"2025-01-16T20:20:17+00:00\",\"description\":\"Saiba como planejar a migra\u00e7\u00e3o do GRC NF-e para o SAP DRC, garantindo uma transi\u00e7\u00e3o eficiente, redu\u00e7\u00e3o de riscos e maior agilidade na gest\u00e3o fiscal da sua empresa.\",\"breadcrumb\":{\"@id\":\"https:\\\/\\\/phoron.com.br\\\/news\\\/planeje-sua-migracao-do-grc-nf-e\\\/#breadcrumb\"},\"inLanguage\":\"en-US\",\"potentialAction\":[{\"@type\":\"ReadAction\",\"target\":[\"https:\\\/\\\/phoron.com.br\\\/news\\\/planeje-sua-migracao-do-grc-nf-e\\\/\"]}]},{\"@type\":\"ImageObject\",\"inLanguage\":\"en-US\",\"@id\":\"https:\\\/\\\/phoron.com.br\\\/news\\\/planeje-sua-migracao-do-grc-nf-e\\\/#primaryimage\",\"url\":\"https:\\\/\\\/phoron.com.br\\\/wp-content\\\/uploads\\\/2025\\\/01\\\/migracao-do-GRC-NF-e.png\",\"contentUrl\":\"https:\\\/\\\/phoron.com.br\\\/wp-content\\\/uploads\\\/2025\\\/01\\\/migracao-do-GRC-NF-e.png\",\"width\":1200,\"height\":630,\"caption\":\"Como planejar a migra\u00e7\u00e3o do GRC NF-e para o SAP DRC\"},{\"@type\":\"BreadcrumbList\",\"@id\":\"https:\\\/\\\/phoron.com.br\\\/news\\\/planeje-sua-migracao-do-grc-nf-e\\\/#breadcrumb\",\"itemListElement\":[{\"@type\":\"ListItem\",\"position\":1,\"name\":\"In\u00edcio\",\"item\":\"https:\\\/\\\/phoron.com.br\\\/\"},{\"@type\":\"ListItem\",\"position\":2,\"name\":\"Sem categoria\",\"item\":\"https:\\\/\\\/phoron.com.br\\\/category\\\/news\\\/\"},{\"@type\":\"ListItem\",\"position\":3,\"name\":\"Migra\u00e7\u00e3o do GRC NF-e: planeje sua transi\u00e7\u00e3o com SAP DRC\"}]},{\"@type\":\"WebSite\",\"@id\":\"https:\\\/\\\/phoron.com.br\\\/#website\",\"url\":\"https:\\\/\\\/phoron.com.br\\\/\",\"name\":\"Phoron do Brasil\",\"description\":\"\",\"publisher\":{\"@id\":\"https:\\\/\\\/phoron.com.br\\\/#organization\"},\"potentialAction\":[{\"@type\":\"SearchAction\",\"target\":{\"@type\":\"EntryPoint\",\"urlTemplate\":\"https:\\\/\\\/phoron.com.br\\\/?s={search_term_string}\"},\"query-input\":{\"@type\":\"PropertyValueSpecification\",\"valueRequired\":true,\"valueName\":\"search_term_string\"}}],\"inLanguage\":\"en-US\"},{\"@type\":\"Organization\",\"@id\":\"https:\\\/\\\/phoron.com.br\\\/#organization\",\"name\":\"Phoron do Brasil\",\"url\":\"https:\\\/\\\/phoron.com.br\\\/\",\"logo\":{\"@type\":\"ImageObject\",\"inLanguage\":\"en-US\",\"@id\":\"https:\\\/\\\/phoron.com.br\\\/#\\\/schema\\\/logo\\\/image\\\/\",\"url\":\"https:\\\/\\\/phoron.com.br\\\/wp-content\\\/uploads\\\/2024\\\/08\\\/Ativo-1edoc.png\",\"contentUrl\":\"https:\\\/\\\/phoron.com.br\\\/wp-content\\\/uploads\\\/2024\\\/08\\\/Ativo-1edoc.png\",\"width\":1775,\"height\":498,\"caption\":\"Phoron do Brasil\"},\"image\":{\"@id\":\"https:\\\/\\\/phoron.com.br\\\/#\\\/schema\\\/logo\\\/image\\\/\"}},{\"@type\":\"Person\",\"@id\":\"https:\\\/\\\/phoron.com.br\\\/#\\\/schema\\\/person\\\/9e68cf531c821ef3e8536ba2a51982d4\",\"name\":\"admin\",\"image\":{\"@type\":\"ImageObject\",\"inLanguage\":\"en-US\",\"@id\":\"https:\\\/\\\/secure.gravatar.com\\\/avatar\\\/e17c8d3804e651db67837ebd7c96bf4637709a2904137ede34292dc0c20b6d50?s=96&d=mm&r=g\",\"url\":\"https:\\\/\\\/secure.gravatar.com\\\/avatar\\\/e17c8d3804e651db67837ebd7c96bf4637709a2904137ede34292dc0c20b6d50?s=96&d=mm&r=g\",\"contentUrl\":\"https:\\\/\\\/secure.gravatar.com\\\/avatar\\\/e17c8d3804e651db67837ebd7c96bf4637709a2904137ede34292dc0c20b6d50?s=96&d=mm&r=g\",\"caption\":\"admin\"},\"sameAs\":[\"https:\\\/\\\/phoron.com.br\"],\"url\":\"https:\\\/\\\/phoron.com.br\\\/en\\\/author\\\/admin\\\/\"}]}<\/script>\n<!-- \/ Yoast SEO plugin. -->","yoast_head_json":{"title":"Como planejar a migra\u00e7\u00e3o do GRC NF-e para o SAP DRC","description":"Saiba como planejar a migra\u00e7\u00e3o do GRC NF-e para o SAP DRC, garantindo uma transi\u00e7\u00e3o eficiente, redu\u00e7\u00e3o de riscos e maior agilidade na gest\u00e3o fiscal da sua empresa.","robots":{"index":"index","follow":"follow","max-snippet":"max-snippet:-1","max-image-preview":"max-image-preview:large","max-video-preview":"max-video-preview:-1"},"canonical":"https:\/\/phoron.com.br\/en\/news\/planeje-sua-migracao-do-grc-nf-e\/","og_locale":"en_US","og_type":"article","og_title":"Como planejar a migra\u00e7\u00e3o do GRC NF-e para o SAP DRC","og_description":"Saiba como planejar a migra\u00e7\u00e3o do GRC NF-e para o SAP DRC, garantindo uma transi\u00e7\u00e3o eficiente, redu\u00e7\u00e3o de riscos e maior agilidade na gest\u00e3o fiscal da sua empresa.","og_url":"https:\/\/phoron.com.br\/en\/news\/planeje-sua-migracao-do-grc-nf-e\/","og_site_name":"Phoron","article_published_time":"2025-01-16T20:20:12+00:00","article_modified_time":"2025-01-16T20:20:17+00:00","og_image":[{"width":1200,"height":630,"url":"https:\/\/phoron.com.br\/wp-content\/uploads\/2025\/01\/migracao-do-GRC-NF-e.png","type":"image\/png"}],"author":"admin","twitter_card":"summary_large_image","twitter_misc":{"Written by":"admin","Est. reading time":"4 minutes"},"schema":{"@context":"https:\/\/schema.org","@graph":[{"@type":"Article","@id":"https:\/\/phoron.com.br\/news\/planeje-sua-migracao-do-grc-nf-e\/#article","isPartOf":{"@id":"https:\/\/phoron.com.br\/news\/planeje-sua-migracao-do-grc-nf-e\/"},"author":{"name":"admin","@id":"https:\/\/phoron.com.br\/#\/schema\/person\/9e68cf531c821ef3e8536ba2a51982d4"},"headline":"Migra\u00e7\u00e3o do GRC NF-e: planeje sua transi\u00e7\u00e3o com SAP DRC","datePublished":"2025-01-16T20:20:12+00:00","dateModified":"2025-01-16T20:20:17+00:00","mainEntityOfPage":{"@id":"https:\/\/phoron.com.br\/news\/planeje-sua-migracao-do-grc-nf-e\/"},"wordCount":722,"commentCount":0,"publisher":{"@id":"https:\/\/phoron.com.br\/#organization"},"image":{"@id":"https:\/\/phoron.com.br\/news\/planeje-sua-migracao-do-grc-nf-e\/#primaryimage"},"thumbnailUrl":"https:\/\/phoron.com.br\/wp-content\/uploads\/2025\/01\/migracao-do-GRC-NF-e.png","articleSection":["Sem categoria"],"inLanguage":"en-US","potentialAction":[{"@type":"CommentAction","name":"Comment","target":["https:\/\/phoron.com.br\/news\/planeje-sua-migracao-do-grc-nf-e\/#respond"]}]},{"@type":"WebPage","@id":"https:\/\/phoron.com.br\/news\/planeje-sua-migracao-do-grc-nf-e\/","url":"https:\/\/phoron.com.br\/news\/planeje-sua-migracao-do-grc-nf-e\/","name":"Como planejar a migra\u00e7\u00e3o do GRC NF-e para o SAP DRC","isPartOf":{"@id":"https:\/\/phoron.com.br\/#website"},"primaryImageOfPage":{"@id":"https:\/\/phoron.com.br\/news\/planeje-sua-migracao-do-grc-nf-e\/#primaryimage"},"image":{"@id":"https:\/\/phoron.com.br\/news\/planeje-sua-migracao-do-grc-nf-e\/#primaryimage"},"thumbnailUrl":"https:\/\/phoron.com.br\/wp-content\/uploads\/2025\/01\/migracao-do-GRC-NF-e.png","datePublished":"2025-01-16T20:20:12+00:00","dateModified":"2025-01-16T20:20:17+00:00","description":"Saiba como planejar a migra\u00e7\u00e3o do GRC NF-e para o SAP DRC, garantindo uma transi\u00e7\u00e3o eficiente, redu\u00e7\u00e3o de riscos e maior agilidade na gest\u00e3o fiscal da sua empresa.","breadcrumb":{"@id":"https:\/\/phoron.com.br\/news\/planeje-sua-migracao-do-grc-nf-e\/#breadcrumb"},"inLanguage":"en-US","potentialAction":[{"@type":"ReadAction","target":["https:\/\/phoron.com.br\/news\/planeje-sua-migracao-do-grc-nf-e\/"]}]},{"@type":"ImageObject","inLanguage":"en-US","@id":"https:\/\/phoron.com.br\/news\/planeje-sua-migracao-do-grc-nf-e\/#primaryimage","url":"https:\/\/phoron.com.br\/wp-content\/uploads\/2025\/01\/migracao-do-GRC-NF-e.png","contentUrl":"https:\/\/phoron.com.br\/wp-content\/uploads\/2025\/01\/migracao-do-GRC-NF-e.png","width":1200,"height":630,"caption":"Como planejar a migra\u00e7\u00e3o do GRC NF-e para o SAP DRC"},{"@type":"BreadcrumbList","@id":"https:\/\/phoron.com.br\/news\/planeje-sua-migracao-do-grc-nf-e\/#breadcrumb","itemListElement":[{"@type":"ListItem","position":1,"name":"In\u00edcio","item":"https:\/\/phoron.com.br\/"},{"@type":"ListItem","position":2,"name":"Sem categoria","item":"https:\/\/phoron.com.br\/category\/news\/"},{"@type":"ListItem","position":3,"name":"Migra\u00e7\u00e3o do GRC NF-e: planeje sua transi\u00e7\u00e3o com SAP DRC"}]},{"@type":"WebSite","@id":"https:\/\/phoron.com.br\/#website","url":"https:\/\/phoron.com.br\/","name":"Phoron do Brasil","description":"","publisher":{"@id":"https:\/\/phoron.com.br\/#organization"},"potentialAction":[{"@type":"SearchAction","target":{"@type":"EntryPoint","urlTemplate":"https:\/\/phoron.com.br\/?s={search_term_string}"},"query-input":{"@type":"PropertyValueSpecification","valueRequired":true,"valueName":"search_term_string"}}],"inLanguage":"en-US"},{"@type":"Organization","@id":"https:\/\/phoron.com.br\/#organization","name":"Phoron do Brasil","url":"https:\/\/phoron.com.br\/","logo":{"@type":"ImageObject","inLanguage":"en-US","@id":"https:\/\/phoron.com.br\/#\/schema\/logo\/image\/","url":"https:\/\/phoron.com.br\/wp-content\/uploads\/2024\/08\/Ativo-1edoc.png","contentUrl":"https:\/\/phoron.com.br\/wp-content\/uploads\/2024\/08\/Ativo-1edoc.png","width":1775,"height":498,"caption":"Phoron do Brasil"},"image":{"@id":"https:\/\/phoron.com.br\/#\/schema\/logo\/image\/"}},{"@type":"Person","@id":"https:\/\/phoron.com.br\/#\/schema\/person\/9e68cf531c821ef3e8536ba2a51982d4","name":"admin","image":{"@type":"ImageObject","inLanguage":"en-US","@id":"https:\/\/secure.gravatar.com\/avatar\/e17c8d3804e651db67837ebd7c96bf4637709a2904137ede34292dc0c20b6d50?s=96&d=mm&r=g","url":"https:\/\/secure.gravatar.com\/avatar\/e17c8d3804e651db67837ebd7c96bf4637709a2904137ede34292dc0c20b6d50?s=96&d=mm&r=g","contentUrl":"https:\/\/secure.gravatar.com\/avatar\/e17c8d3804e651db67837ebd7c96bf4637709a2904137ede34292dc0c20b6d50?s=96&d=mm&r=g","caption":"admin"},"sameAs":["https:\/\/phoron.com.br"],"url":"https:\/\/phoron.com.br\/en\/author\/admin\/"}]}},"_links":{"self":[{"href":"https:\/\/phoron.com.br\/en\/wp-json\/wp\/v2\/posts\/1507","targetHints":{"allow":["GET"]}}],"collection":[{"href":"https:\/\/phoron.com.br\/en\/wp-json\/wp\/v2\/posts"}],"about":[{"href":"https:\/\/phoron.com.br\/en\/wp-json\/wp\/v2\/types\/post"}],"author":[{"embeddable":true,"href":"https:\/\/phoron.com.br\/en\/wp-json\/wp\/v2\/users\/1"}],"replies":[{"embeddable":true,"href":"https:\/\/phoron.com.br\/en\/wp-json\/wp\/v2\/comments?post=1507"}],"version-history":[{"count":1,"href":"https:\/\/phoron.com.br\/en\/wp-json\/wp\/v2\/posts\/1507\/revisions"}],"predecessor-version":[{"id":1509,"href":"https:\/\/phoron.com.br\/en\/wp-json\/wp\/v2\/posts\/1507\/revisions\/1509"}],"wp:featuredmedia":[{"embeddable":true,"href":"https:\/\/phoron.com.br\/en\/wp-json\/wp\/v2\/media\/1508"}],"wp:attachment":[{"href":"https:\/\/phoron.com.br\/en\/wp-json\/wp\/v2\/media?parent=1507"}],"wp:term":[{"taxonomy":"category","embeddable":true,"href":"https:\/\/phoron.com.br\/en\/wp-json\/wp\/v2\/categories?post=1507"},{"taxonomy":"post_tag","embeddable":true,"href":"https:\/\/phoron.com.br\/en\/wp-json\/wp\/v2\/tags?post=1507"}],"curies":[{"name":"wp","href":"https:\/\/api.w.org\/{rel}","templated":true}]}}